{"id":11814,"date":"2026-04-01T10:00:00","date_gmt":"2026-04-01T08:00:00","guid":{"rendered":"https:\/\/bjhuman.hu\/?p=11814"},"modified":"2026-04-10T10:47:33","modified_gmt":"2026-04-10T08:47:33","slug":"mozgascentrum-kirakati-kiallitas","status":"publish","type":"post","link":"https:\/\/bjhuman.hu\/index.php\/mozgascentrum-kirakati-kiallitas\/","title":{"rendered":"Mozg\u00e1scentrum kirakati ki\u00e1ll\u00edt\u00e1s"},"content":{"rendered":"\n<p>A L\u00f6v\u00f6lde t\u00e9ri&nbsp;<em>Cairo Contemporary&nbsp;<\/em>ki\u00e1ll\u00edt\u00f3helyen m\u00e1jus 17-ig&nbsp;Lisette Appeldorn [NL] Karakterek c. sorozat\u00e1b\u00f3l l\u00e1thatunk egy v\u00e1logat\u00e1st. Az alkot\u00f3 \u00f6tv\u00f6zi a divat- \u00e9s term\u00e9kfot\u00f3z\u00e1s, valamint a fot\u00f3m\u0171v\u00e9szet ter\u00fclet\u00e9n szerzett tapasztalatait. H\u00e9tk\u00f6znapi t\u00e1rgyakb\u00f3l \u00e9p\u00edt kompoz\u00edci\u00f3kat, melyekb\u0151l a fot\u00f3kon kereszt\u00fcl k\u00fcl\u00f6n\u00f6s karakterek kelnek \u00e9letre. Folyamatosan b\u0151v\u00fcl\u0151 anyag\u00e1val egy egyedi, fikt\u00edv, a val\u00f3s\u00e1ghoz m\u00e9gis szorosan kapcsol\u00f3d\u00f3, fant\u00e1ziavil\u00e1got hoz l\u00e9tre. A val\u00f3s\u00e1g \u00e9s a fant\u00e1zia k\u00f6z\u00f6tti k\u00f6lcs\u00f6n\u00f6s \u00f6sszef\u00fcgg\u00e9s k\u00e9rd\u00e9se k\u00f6zponti szerepet j\u00e1tszik a m\u0171v\u00e9sz munk\u00e1iban.<\/p>\n\n\n\n<figure class=\"wp-block-gallery has-nested-images columns-default is-cropped wp-block-gallery-1 is-layout-flex wp-block-gallery-is-layout-flex\">\n<figure class=\"wp-block-image size-large\"><img fetchpriority=\"high\" decoding=\"async\" width=\"1024\" height=\"768\" data-id=\"13494\" src=\"https:\/\/bjhuman.hu\/wp-content\/uploads\/2025\/11\/Lisette_Appeldorn_Karakterek_1-1024x768.jpg\" alt=\"\" class=\"wp-image-13494\" srcset=\"https:\/\/bjhuman.hu\/wp-content\/uploads\/2025\/11\/Lisette_Appeldorn_Karakterek_1-1024x768.jpg 1024w, https:\/\/bjhuman.hu\/wp-content\/uploads\/2025\/11\/Lisette_Appeldorn_Karakterek_1-300x225.jpg 300w, https:\/\/bjhuman.hu\/wp-content\/uploads\/2025\/11\/Lisette_Appeldorn_Karakterek_1-768x576.jpg 768w, https:\/\/bjhuman.hu\/wp-content\/uploads\/2025\/11\/Lisette_Appeldorn_Karakterek_1-1536x1152.jpg 1536w, https:\/\/bjhuman.hu\/wp-content\/uploads\/2025\/11\/Lisette_Appeldorn_Karakterek_1-2048x1536.jpg 2048w, https:\/\/bjhuman.hu\/wp-content\/uploads\/2025\/11\/Lisette_Appeldorn_Karakterek_1-1200x900.jpg 1200w\" sizes=\"(max-width: 709px) 85vw, (max-width: 909px) 67vw, (max-width: 1362px) 62vw, 840px\" \/><\/figure>\n<\/figure>\n\n\n\n<p>A ki\u00e1ll\u00edt\u00e1s a Budapest Fot\u00f3Fesztiv\u00e1l 2026 hivatalos programj\u00e1nak r\u00e9sze.&nbsp;<\/p>\n\n\n\n<p>Megtekinthet\u0151 \u00e9jjel-nappal. Tov\u00e1bbi inform\u00e1ci\u00f3:&nbsp;<a href=\"http:\/\/www.parallelalapitvany.hu\" target=\"_blank\" rel=\"noreferrer noopener\">http:\/\/www.parallelalapitvany.hu<\/a><\/p>\n\n\n\n<p>T\u00e1mogat\u00f3: Megaplex Kft.<\/p>\n\n\n\n<p>Egy\u00fcttm\u0171k\u00f6d\u0151 partner: Bischitz Johanna Integr\u00e1lt Hum\u00e1n Szolg\u00e1ltat\u00f3 K\u00f6zpont<\/p>\n","protected":false},"excerpt":{"rendered":"<p>A L\u00f6v\u00f6lde t\u00e9ri&nbsp;Cairo Contemporary&nbsp;ki\u00e1ll\u00edt\u00f3helyen m\u00e1jus 17-ig&nbsp;Lisette Appeldorn [NL] Karakterek c. sorozat\u00e1b\u00f3l l\u00e1thatunk egy v\u00e1logat\u00e1st. Az alkot\u00f3 \u00f6tv\u00f6zi a divat- \u00e9s term\u00e9kfot\u00f3z\u00e1s, valamint a fot\u00f3m\u0171v\u00e9szet ter\u00fclet\u00e9n szerzett tapasztalatait. H\u00e9tk\u00f6znapi t\u00e1rgyakb\u00f3l \u00e9p\u00edt kompoz\u00edci\u00f3kat, melyekb\u0151l a fot\u00f3kon kereszt\u00fcl k\u00fcl\u00f6n\u00f6s karakterek kelnek \u00e9letre. Folyamatosan b\u0151v\u00fcl\u0151 anyag\u00e1val egy egyedi, fikt\u00edv, a val\u00f3s\u00e1ghoz m\u00e9gis szorosan kapcsol\u00f3d\u00f3, fant\u00e1ziavil\u00e1got hoz l\u00e9tre. A val\u00f3s\u00e1g \u00e9s a fant\u00e1zia k\u00f6z\u00f6tti k\u00f6lcs\u00f6n\u00f6s \u00f6sszef\u00fcgg\u00e9s k\u00e9rd\u00e9se k\u00f6zponti szerepet j\u00e1tszik a m\u0171v\u00e9sz munk\u00e1iban. A ki\u00e1ll\u00edt\u00e1s a Budapest Fot\u00f3Fesztiv\u00e1l 2026 hivatalos programj\u00e1nak r\u00e9sze.&nbsp; Megtekinthet\u0151 \u00e9jjel-nappal. Tov\u00e1bbi inform\u00e1ci\u00f3:&nbsp;http:\/\/www.parallelalapitvany.hu T\u00e1mogat\u00f3: Megaplex Kft. Egy\u00fcttm\u0171k\u00f6d\u0151 partner: Bischitz Johanna Integr\u00e1lt Hum\u00e1n Szolg\u00e1ltat\u00f3 K\u00f6zpont<\/p>\n","protected":false},"author":2,"featured_media":13495,"comment_status":"closed","ping_status":"open","sticky":false,"template":"","format":"standard","meta":{"footnotes":""},"categories":[1],"tags":[],"class_list":["post-11814","post","type-post","status-publish","format-standard","has-post-thumbnail","hentry","category-uncategorized"],"rttpg_featured_image_url":{"full":["https:\/\/bjhuman.hu\/wp-content\/uploads\/2025\/11\/Posztok-1-1.png",1080,1080,false],"landscape":["https:\/\/bjhuman.hu\/wp-content\/uploads\/2025\/11\/Posztok-1-1.png",1080,1080,false],"portraits":["https:\/\/bjhuman.hu\/wp-content\/uploads\/2025\/11\/Posztok-1-1.png",1080,1080,false],"thumbnail":["https:\/\/bjhuman.hu\/wp-content\/uploads\/2025\/11\/Posztok-1-1-150x150.png",150,150,true],"medium":["https:\/\/bjhuman.hu\/wp-content\/uploads\/2025\/11\/Posztok-1-1-300x300.png",300,300,true],"large":["https:\/\/bjhuman.hu\/wp-content\/uploads\/2025\/11\/Posztok-1-1-1024x1024.png",1024,1024,true],"1536x1536":["https:\/\/bjhuman.hu\/wp-content\/uploads\/2025\/11\/Posztok-1-1.png",1080,1080,false],"2048x2048":["https:\/\/bjhuman.hu\/wp-content\/uploads\/2025\/11\/Posztok-1-1.png",1080,1080,false],"post-thumbnail":["https:\/\/bjhuman.hu\/wp-content\/uploads\/2025\/11\/Posztok-1-1.png",1080,1080,false]},"rttpg_author":{"display_name":"krisztina","author_link":"https:\/\/bjhuman.hu\/index.php\/author\/krisztina\/"},"rttpg_comment":0,"rttpg_category":"<a href=\"https:\/\/bjhuman.hu\/index.php\/category\/uncategorized\/\" rel=\"category tag\">Uncategorized<\/a>","rttpg_excerpt":"A L\u00f6v\u00f6lde t\u00e9ri&nbsp;Cairo Contemporary&nbsp;ki\u00e1ll\u00edt\u00f3helyen m\u00e1jus 17-ig&nbsp;Lisette Appeldorn [NL] Karakterek c. sorozat\u00e1b\u00f3l l\u00e1thatunk egy v\u00e1logat\u00e1st. Az alkot\u00f3 \u00f6tv\u00f6zi a divat- \u00e9s term\u00e9kfot\u00f3z\u00e1s, valamint a fot\u00f3m\u0171v\u00e9szet ter\u00fclet\u00e9n szerzett tapasztalatait. H\u00e9tk\u00f6znapi t\u00e1rgyakb\u00f3l \u00e9p\u00edt kompoz\u00edci\u00f3kat, melyekb\u0151l a fot\u00f3kon kereszt\u00fcl k\u00fcl\u00f6n\u00f6s karakterek kelnek \u00e9letre. Folyamatosan b\u0151v\u00fcl\u0151 anyag\u00e1val egy egyedi, fikt\u00edv, a val\u00f3s\u00e1ghoz m\u00e9gis szorosan kapcsol\u00f3d\u00f3, fant\u00e1ziavil\u00e1got hoz l\u00e9tre. A val\u00f3s\u00e1g&hellip;","_links":{"self":[{"href":"https:\/\/bjhuman.hu\/index.php\/wp-json\/wp\/v2\/posts\/11814","targetHints":{"allow":["GET"]}}],"collection":[{"href":"https:\/\/bjhuman.hu\/index.php\/wp-json\/wp\/v2\/posts"}],"about":[{"href":"https:\/\/bjhuman.hu\/index.php\/wp-json\/wp\/v2\/types\/post"}],"author":[{"embeddable":true,"href":"https:\/\/bjhuman.hu\/index.php\/wp-json\/wp\/v2\/users\/2"}],"replies":[{"embeddable":true,"href":"https:\/\/bjhuman.hu\/index.php\/wp-json\/wp\/v2\/comments?post=11814"}],"version-history":[{"count":7,"href":"https:\/\/bjhuman.hu\/index.php\/wp-json\/wp\/v2\/posts\/11814\/revisions"}],"predecessor-version":[{"id":13496,"href":"https:\/\/bjhuman.hu\/index.php\/wp-json\/wp\/v2\/posts\/11814\/revisions\/13496"}],"wp:featuredmedia":[{"embeddable":true,"href":"https:\/\/bjhuman.hu\/index.php\/wp-json\/wp\/v2\/media\/13495"}],"wp:attachment":[{"href":"https:\/\/bjhuman.hu\/index.php\/wp-json\/wp\/v2\/media?parent=11814"}],"wp:term":[{"taxonomy":"category","embeddable":true,"href":"https:\/\/bjhuman.hu\/index.php\/wp-json\/wp\/v2\/categories?post=11814"},{"taxonomy":"post_tag","embeddable":true,"href":"https:\/\/bjhuman.hu\/index.php\/wp-json\/wp\/v2\/tags?post=11814"}],"curies":[{"name":"wp","href":"https:\/\/api.w.org\/{rel}","templated":true}]}}